[{"@context":"https:\/\/schema.org\/","@type":"Article","@id":"https:\/\/www.lbrock.cz\/bajecny-zivot-na-dluh\/#Article","mainEntityOfPage":"https:\/\/www.lbrock.cz\/bajecny-zivot-na-dluh\/","headline":"B\u00e1je\u010dn\u00fd \u017eivot na dluh","name":"B\u00e1je\u010dn\u00fd \u017eivot na dluh","description":"U\u017e del\u0161\u00ed \u010das se n\u00e1m tu s\u00a0oblibou tvrd\u00ed, \u017ee \u017eijeme v\u00a0dobr\u00fdch \u010dasech. \u017de se jak n\u00e1m, obyvatel\u016fm, tak i na\u0161\u00ed zemi da\u0159\u00ed skv\u011ble. Hloup\u00ed tomu v\u011b\u0159\u00ed, proto\u017ee poci\u0165uj\u00ed na vlastn\u00ed k\u016f\u017ei, \u017ee maj\u00ed leccos o n\u011bco snaz\u0161\u00ed, a ti ostatn\u00ed nejednou rad\u011bji v\u011b\u0159\u00ed, ne\u017e aby p\u0159em\u00fd\u0161leli a odhalili pravdu, je\u017e by je p\u0159ipravila o iluze. [&hellip;]","datePublished":"2019-06-21","dateModified":"2019-06-21","author":{"@type":"Person","@id":"https:\/\/www.lbrock.cz\/author\/#Person","name":"","url":"https:\/\/www.lbrock.cz\/author\/","identifier":1,"image":{"@type":"ImageObject","@id":"https:\/\/secure.gravatar.com\/avatar\/e5312f21b37eec0871f00feffaf403580ddf46c2d055479cc6723fb0100721f2?s=96&d=mm&r=g","url":"https:\/\/secure.gravatar.com\/avatar\/e5312f21b37eec0871f00feffaf403580ddf46c2d055479cc6723fb0100721f2?s=96&d=mm&r=g","height":96,"width":96}},"publisher":{"@type":"Organization","name":"lbrock.cz","logo":{"@type":"ImageObject","@id":"\/logo.png","url":"\/logo.png","width":600,"height":60}},"image":{"@type":"ImageObject","@id":"https:\/\/www.lbrock.cz\/wp-content\/uploads\/img_a347230_w2956_t1561457712.png","url":"https:\/\/www.lbrock.cz\/wp-content\/uploads\/img_a347230_w2956_t1561457712.png","height":0,"width":0},"url":"https:\/\/www.lbrock.cz\/bajecny-zivot-na-dluh\/","wordCount":491,"articleBody":"U\u017e del\u0161\u00ed \u010das se n\u00e1m tu s\u00a0oblibou tvrd\u00ed, \u017ee \u017eijeme v\u00a0dobr\u00fdch \u010dasech. \u017de se jak n\u00e1m, obyvatel\u016fm, tak i na\u0161\u00ed zemi da\u0159\u00ed skv\u011ble. Hloup\u00ed tomu v\u011b\u0159\u00ed, proto\u017ee poci\u0165uj\u00ed na vlastn\u00ed k\u016f\u017ei, \u017ee maj\u00ed leccos o n\u011bco snaz\u0161\u00ed, a ti ostatn\u00ed nejednou rad\u011bji v\u011b\u0159\u00ed, ne\u017e aby p\u0159em\u00fd\u0161leli a odhalili pravdu, je\u017e by je p\u0159ipravila o iluze. Tedy smutnou pravdu, \u017ee si \u017eijeme dob\u0159e, ov\u0161em na dluh. A kritici, kter\u00fdm se nel\u00edb\u00ed deficit st\u00e1tn\u00edho rozpo\u010dtu v\u00a0dob\u00e1ch, kdy by bylo z\u00e1hodno naopak \u0161et\u0159it na hor\u0161\u00ed \u010dasy, je\u017e se jako obvykle mus\u00ed jednou dostavit? Ti se v\u017edycky p\u0159ehlasuj\u00ed, pokud jsou v\u016fbec je\u0161t\u011b ochotni j\u00edt k\u00a0u\u017e p\u0159edem beznad\u011bjn\u011b prohran\u00fdm volb\u00e1m.A kdy\u017e se zadlu\u017euje st\u00e1t, napad\u00e1 i leckoho z\u00a0na\u0161inc\u016f, \u017ee je to dost mo\u017en\u00e1 i norm\u00e1ln\u00ed. Hlavn\u011b kdy\u017e je o tom p\u0159esv\u011bd\u010dov\u00e1n i \u010detn\u00fdmi reklamn\u00edmi kampan\u011bmi v\u00a0m\u00e9di\u00edch, a \u201amus\u00ed to b\u00fdt pravda, kdy\u017e to \u0159\u00edkali v\u00a0televizi\u2018.A tak i dluhy na\u0161inc\u016f rostou a rostou. Zadlu\u017euje se nejen st\u00e1t, ale i konkr\u00e9tn\u00ed jednotliv\u00ed lid\u00e9. A na konci prvn\u00edho \u010dtvrtlet\u00ed leto\u0161n\u00edho roku u\u017e lid\u00e9 jako j\u00e1 a vy dlu\u017eili celkem 2,34 bilionu korun, o 161,5 miliardy korun v\u00edc ne\u017e o rok d\u0159\u00edve. A z\u00a0t\u011bchto pen\u011bz nebylo 32,4 miliardy korun \u0159\u00e1dn\u011b spl\u00e1ceno. Sice jsme se pr\u00fd v\u00a0meziro\u010dn\u00edm srovn\u00e1n\u00ed polep\u0161ili, po\u010det lid\u00ed s\u00a0probl\u00e9my se spl\u00e1cen\u00edm klesl o skoro osma\u010dty\u0159icet tis\u00edc a t\u011bch, kdo nespl\u00e1celi hypot\u00e9ky, je m\u00e9n\u011b ne\u017e dvacet tis\u00edc, ale d\u00e1le tu st\u00e1le je\u0161t\u011b bylo i 233000 t\u011bch, kdo nespl\u00e1celi sv\u00e9 kr\u00e1tkodob\u00e9 spot\u0159ebn\u00ed p\u016fj\u010dky.Lid\u00e9 maj\u00ed na krku st\u00e1le v\u011bt\u0161\u00ed dluhy, hlavn\u011b proto, \u017ee si p\u016fj\u010duj\u00ed st\u00e1le v\u00edce kv\u016fli zdra\u017euj\u00edc\u00edm nemovitostem, je\u017e si po\u0159izuj\u00ed. Na \u00fav\u011brech za bydlen\u00ed dnes na\u0161inci dlu\u017e\u00ed o skoro 124 miliard korun v\u00edc ne\u017e p\u0159ed rokem, na kr\u00e1tkodob\u00fdch dluz\u00edch o 37,6 miliardy v\u00edc.Na dluh dnes nakupuje kdekdo. Proto\u017ee je to snadn\u00e9 a pohodln\u00e9. Sta\u010d\u00ed si n\u011bkde za\u017e\u00e1dat, a kdy\u017e \u010dlov\u011bku n\u011bkdo p\u016fj\u010d\u00ed, \u017eije si tento nejednou jako kr\u00e1l.Prozat\u00edm. Proto\u017ee kde jsou na\u0161i d\u00e1vn\u00ed kr\u00e1lov\u00e9, \u017ee? Zmizeli v\u00a0propadli\u0161ti d\u011bjin.A doufejme, \u017ee i n\u00e1s do tohoto propadli\u0161t\u011b nest\u00e1hnou dlu\u017en\u00edci z\u00a0na\u0161ich \u0159ad. Kte\u0159\u00ed si st\u00e1le v\u00edc a r\u00e1di \u017eij\u00ed nad pom\u011bry. A \u010dasto nemysl\u00ed na to, \u017ee jednou bude nutno v\u0161e vr\u00e1tit. Ov\u0161em ot\u00e1zka je z\u00a0\u010deho.                                                                                                                                                                                                                                                                                                                                                                                                "},{"@context":"https:\/\/schema.org\/","@type":"BreadcrumbList","itemListElement":[{"@type":"ListItem","position":1,"name":"B\u00e1je\u010dn\u00fd \u017eivot na dluh","item":"https:\/\/www.lbrock.cz\/bajecny-zivot-na-dluh\/#breadcrumbitem"}]}]