[{"@context":"https:\/\/schema.org\/","@type":"Article","@id":"https:\/\/www.lbrock.cz\/bylo-nekdy-vazne-lip\/#Article","mainEntityOfPage":"https:\/\/www.lbrock.cz\/bylo-nekdy-vazne-lip\/","headline":"Bylo n\u011bkdy v\u00e1\u017en\u011b l\u00edp?","name":"Bylo n\u011bkdy v\u00e1\u017en\u011b l\u00edp?","description":"Kdy\u017e si na\u0161i sou\u010dasn\u00edci st\u011b\u017euj\u00ed na pom\u011bry, obvykle dod\u00e1vaj\u00ed n\u011bkterou ze dvou univerz\u00e1ln\u011b pou\u017e\u00edvan\u00fdch fr\u00e1z\u00ed. Bu\u010f \u017ee \u201aza Babi\u0161e bylo l\u00edp\u2018 nebo \u017ee \u201aza komunist\u016f bylo l\u00edp\u2018. Podle toho, co si je\u0161t\u011b pamatuj\u00ed nebo co u\u017e stihli naopak dost dob\u0159e zapomenout, nebo podle toho, kdy byli z\u00a0n\u011bjak\u00e9ho d\u016fvodu preferovan\u00ed a l\u00e9pe podporovan\u00ed, a tud\u00ed\u017e se [&hellip;]","datePublished":"2023-10-29","dateModified":"2023-10-29","author":{"@type":"Person","@id":"https:\/\/www.lbrock.cz\/author\/#Person","name":"","url":"https:\/\/www.lbrock.cz\/author\/","identifier":1,"image":{"@type":"ImageObject","@id":"https:\/\/secure.gravatar.com\/avatar\/e5312f21b37eec0871f00feffaf403580ddf46c2d055479cc6723fb0100721f2?s=96&d=mm&r=g","url":"https:\/\/secure.gravatar.com\/avatar\/e5312f21b37eec0871f00feffaf403580ddf46c2d055479cc6723fb0100721f2?s=96&d=mm&r=g","height":96,"width":96}},"publisher":{"@type":"Organization","name":"lbrock.cz","logo":{"@type":"ImageObject","@id":"\/logo.png","url":"\/logo.png","width":600,"height":60}},"image":{"@type":"ImageObject","@id":"https:\/\/www.lbrock.cz\/wp-content\/uploads\/%C5%BE%C5%BE%C5%BE%C5%BE_3.jpg","url":"https:\/\/www.lbrock.cz\/wp-content\/uploads\/%C5%BE%C5%BE%C5%BE%C5%BE_3.jpg","height":0,"width":0},"url":"https:\/\/www.lbrock.cz\/bylo-nekdy-vazne-lip\/","about":["Spole\u010dnost"],"wordCount":441,"articleBody":"Kdy\u017e si na\u0161i sou\u010dasn\u00edci st\u011b\u017euj\u00ed na pom\u011bry, obvykle dod\u00e1vaj\u00ed n\u011bkterou ze dvou univerz\u00e1ln\u011b pou\u017e\u00edvan\u00fdch fr\u00e1z\u00ed. Bu\u010f \u017ee \u201aza Babi\u0161e bylo l\u00edp\u2018 nebo \u017ee \u201aza komunist\u016f bylo l\u00edp\u2018. Podle toho, co si je\u0161t\u011b pamatuj\u00ed nebo co u\u017e stihli naopak dost dob\u0159e zapomenout, nebo podle toho, kdy byli z\u00a0n\u011bjak\u00e9ho d\u016fvodu preferovan\u00ed a l\u00e9pe podporovan\u00ed, a tud\u00ed\u017e se jim da\u0159ilo l\u00edp ne\u017e dnes, kdy nemaj\u00ed pozbyt\u00e9 v\u00fdhody.A poj\u010fme se te\u010f pod\u00edvat na ty, kdo tvrd\u00ed, \u017ee za komunist\u016f bylo l\u00edp. Jist\u011b, tito zpravidla p\u0159ipom\u00ednaj\u00ed n\u011bkter\u00e1 fakta, kter\u00e1 by tomu mohla skute\u010dn\u011b nasv\u011bd\u010dovat, ale ta vypadaj\u00ed l\u00edbiv\u011b obvykle jen tehdy, kdy\u017e jsou vytr\u017een\u00e1 z\u00a0kontextu.Za komunist\u016f byly daleko p\u0159\u00edzniv\u011bj\u0161\u00ed ceny a lid\u00e9 si mohli dob\u0159e \u017e\u00edt. Na\u010de\u017e n\u00e1sleduj\u00ed obvykle skute\u010dn\u011b kr\u00e1sn\u00e9 ceny potravin. Jen\u017ee kdy\u017e si to \u010dlov\u011bk porovn\u00e1 s\u00a0tehdej\u0161\u00edmi re\u00e1ln\u00fdmi p\u0159\u00edjmy, r\u00e1zem se ukazuje, \u017ee tehdy bylo vesm\u011bs daleko h\u016f\u0159. Pokud dnes tedy konkr\u00e9tn\u00ed \u010dlov\u011bk nen\u00ed \u201asoci\u00e1ln\u00ed p\u0159\u00edpad\u2018. A to u\u017e ani nemluv\u00edm o tom, jak cenov\u011b nedostupn\u00e9 tehdy bylo \u201aluxusn\u00ed\u2018 zbo\u017e\u00ed typu elektronika, automobily, oble\u010den\u00ed, obuv\u2026 Na co\u017e si lid\u00e9 \u0161et\u0159ili tak, \u017ee omezovali n\u00e1kupy potravin, proto\u017ee to jinak ne\u0161lo. A o nedostatkovosti leckter\u00e9ho sortimentu u\u017e ani nemluv\u011b.Za komunist\u016f byla pr\u00e1ce pro v\u0161echny. Ano, byla. A to dokonce povinn\u011b. Nikdo nesm\u011bl b\u00fdt nezam\u011bstnan\u00fd. Ale na tuto skute\u010dnost upozor\u0148uj\u00ed hlavn\u011b ti, kdo jsou neupot\u0159ebiteln\u00ed na trhu pr\u00e1ce, a to t\u0159eba proto, \u017ee jsou neschopn\u00ed a l\u00edn\u00ed. Co\u017e za socialismu nevadilo, ale dnes u\u017e o takov\u00e9 lidi \u017e\u00e1dn\u00fd zam\u011bstnavatel nestoj\u00ed.A nev\u00edm jak vy, ale j\u00e1 jsem teprve v\u00a0posledn\u00edch dnech zaslechl je\u0161t\u011b jedno \u00fadajn\u00e9 plus dob socialismu. A sice to, \u017ee n\u00e1s dne\u0161n\u00ed politick\u00e9 reprezentace zatahuj\u00ed do v\u00e1lek. Zat\u00edmco to tu za socialismu nebylo. Za socialismu n\u00e1s nikdo do v\u00e1lky nezatahoval. Co\u017e je to nejhloup\u011bj\u0161\u00ed tvrzen\u00ed, jak\u00e9 jsem kdy na obranu a propagaci socialismu sly\u0161el. Jak mohl n\u011bkdo zapomenout na Var\u0161avskou smlouvu, z\u00e1vody v\u00a0jadern\u00e9m zbrojen\u00ed, dvouletou z\u00e1kladn\u00ed vojenskou povinnost\u2026?Ale v\u00a0jednom je tvrzen\u00ed, \u017ee se lid\u00e9 m\u011bli za dob socialismu l\u00e9pe, pravdiv\u00e9. N\u011bkte\u0159\u00ed lid\u00e9 se tenkr\u00e1t m\u011bli mnohem l\u00e9pe. Ale to jen ti, kte\u0159\u00ed ne\u017eili v\u00a0zem\u00edch re\u00e1ln\u00e9ho socialismu.                                                                                                                                                                                                                                                                                                                                                                                                "},{"@context":"https:\/\/schema.org\/","@type":"BreadcrumbList","itemListElement":[{"@type":"ListItem","position":1,"name":"Bylo n\u011bkdy v\u00e1\u017en\u011b l\u00edp?","item":"https:\/\/www.lbrock.cz\/bylo-nekdy-vazne-lip\/#breadcrumbitem"}]}]