[{"@context":"https:\/\/schema.org\/","@type":"Article","@id":"https:\/\/www.lbrock.cz\/proc-se-odstehovat-do-zahranici\/#Article","mainEntityOfPage":"https:\/\/www.lbrock.cz\/proc-se-odstehovat-do-zahranici\/","headline":"Pro\u010d se odst\u011bhovat do zahrani\u010d\u00ed?","name":"Pro\u010d se odst\u011bhovat do zahrani\u010d\u00ed?","description":"St\u011bhov\u00e1n\u00ed do zahrani\u010d\u00ed nebylo nikdy snadn\u011bj\u0161\u00ed ne\u017e v t\u00e9hle dob\u011b. Pro minul\u00e9 generace byl takov\u00fd krok nemysliteln\u00fd, p\u0159edev\u0161\u00edm kv\u016fli re\u017eim\u016fm, kter\u00e9 u n\u00e1s byly nastoleny. Dnes je ale pro n\u00e1s sv\u011bt m\u00edstem neomezen\u00fdch mo\u017enost\u00ed a nikdo n\u00e1m nebr\u00e1n\u00ed v tom, abychom zvedli kotvy a p\u0159esunuli se do jin\u00e9ho st\u00e1tu. Pro\u010d se nej\u010dast\u011bji lid\u00e9 st\u011bhuj\u00ed do [&hellip;]","datePublished":"2024-08-19","dateModified":"2024-08-19","author":{"@type":"Person","@id":"https:\/\/www.lbrock.cz\/author\/#Person","name":"","url":"https:\/\/www.lbrock.cz\/author\/","identifier":1,"image":{"@type":"ImageObject","@id":"https:\/\/secure.gravatar.com\/avatar\/e5312f21b37eec0871f00feffaf403580ddf46c2d055479cc6723fb0100721f2?s=96&d=mm&r=g","url":"https:\/\/secure.gravatar.com\/avatar\/e5312f21b37eec0871f00feffaf403580ddf46c2d055479cc6723fb0100721f2?s=96&d=mm&r=g","height":96,"width":96}},"publisher":{"@type":"Organization","name":"lbrock.cz","logo":{"@type":"ImageObject","@id":"\/logo.png","url":"\/logo.png","width":600,"height":60}},"image":{"@type":"ImageObject","@id":"https:\/\/www.lbrock.cz\/wp-content\/uploads\/glenn-carstens-peters-ZWD3Dx6aUJg-unsplash.jpg","url":"https:\/\/www.lbrock.cz\/wp-content\/uploads\/glenn-carstens-peters-ZWD3Dx6aUJg-unsplash.jpg","height":0,"width":0},"url":"https:\/\/www.lbrock.cz\/proc-se-odstehovat-do-zahranici\/","about":["Business"],"wordCount":400,"articleBody":"          St\u011bhov\u00e1n\u00ed do zahrani\u010d\u00ed nebylo nikdy snadn\u011bj\u0161\u00ed ne\u017e v t\u00e9hle dob\u011b. Pro minul\u00e9 generace byl takov\u00fd krok nemysliteln\u00fd, p\u0159edev\u0161\u00edm kv\u016fli re\u017eim\u016fm, kter\u00e9 u n\u00e1s byly nastoleny. Dnes je ale pro n\u00e1s sv\u011bt m\u00edstem neomezen\u00fdch mo\u017enost\u00ed a nikdo n\u00e1m nebr\u00e1n\u00ed v tom, abychom zvedli kotvy a p\u0159esunuli se do jin\u00e9ho st\u00e1tu.Pro\u010d se nej\u010dast\u011bji lid\u00e9 st\u011bhuj\u00ed do zahrani\u010d\u00ed?Pracovn\u00ed p\u0159\u00edle\u017eitostiJedn\u00edm z nej\u010dast\u011bj\u0161\u00edch d\u016fvod\u016f jsou nepochybn\u011b pracovn\u00ed p\u0159\u00edle\u017eitosti. Mnoho zem\u00ed nab\u00edz\u00ed atraktivn\u00ed zam\u011bstn\u00e1n\u00ed v nejr\u016fzn\u011bj\u0161\u00edch oblastech, a ocen\u00ed v\u00e1s v\u00edce ne\u017e tuzem\u0161t\u00ed zam\u011bstnavatel\u00e9. Pokud um\u00edte jazyk dan\u00e9 zem\u011b, nebo minim\u00e1ln\u011b komunikujete dob\u0159e anglicky, m\u016f\u017eete se na zahrani\u010dn\u00edm pracovn\u00edm trhu v\u00fdborn\u011b uplatnit.Vzd\u011bl\u00e1n\u00edDal\u0161\u00edm siln\u00fdm motivem je zahrani\u010dn\u00ed vzd\u011bl\u00e1v\u00e1n\u00ed. Mnoho student\u016f se rozhodne str\u00e1vit jeden nebo v\u00edce semestr\u016f v zahrani\u010d\u00ed, a na \u010das se zde p\u0159est\u011bhuj\u00ed. V\u011bt\u0161ina vysok\u00fdch \u0161kol u\u017e dnes spolupracuje s univerzitami z ciz\u00edch zem\u00ed, a jsou schopny tedy studenty ve v\u00fdjezdech do zahrani\u010d\u00ed podporovat, a to jak organiza\u010dn\u011b, tak finan\u010dn\u011b.Jazykov\u00e9 dovednostiNikde jinde se nenau\u010d\u00edte tak dob\u0159e jazyk, jako pokud se ocitnete v prost\u0159ed\u00ed, kde jste nuceni ho pou\u017e\u00edvat ka\u017ed\u00fd den. Mnoho lid\u00ed bere p\u0159est\u011bhov\u00e1n\u00ed do zahrani\u010d\u00ed jako p\u0159\u00edle\u017eitost vylep\u0161it si sv\u00e9 jazykov\u00e9 dovednosti. Pokud se po n\u011bjak\u00e9 dob\u011b p\u0159est\u011bhujete zp\u011bt do \u010cesk\u00e9 republiky, budou va\u0161e nasb\u00edran\u00e9 jazykov\u00e9 dovednosti nesm\u00edrn\u00fdm plusem pro va\u0161i dal\u0161\u00ed kari\u00e9ru.Kvalita \u017eivota\u010cesk\u00e1 republika je v mnoha ohledech skv\u011bl\u00e1, ale ve spoust\u011b ohledech ji ostatn\u00ed zem\u011b p\u0159evy\u0161uj\u00ed. P\u0159edev\u0161\u00edm v kvalit\u011b \u017eivota, kterou mohou sv\u00fdm ob\u010dan\u016fm nab\u00eddnout. Kvalita \u017eivota m\u016f\u017ee zahrnovat zdravotn\u00ed p\u00e9\u010di, vzd\u011bl\u00e1v\u00e1n\u00ed, pracovn\u00ed trh, \u010distotu ovzdu\u0161\u00ed nebo i volno\u010dasov\u00e9 aktivity. Kulturn\u00ed obohacen\u00ed\u017divot v zahrani\u010d\u00ed nab\u00edz\u00ed tak\u00e9 skv\u011bl\u00e9 mo\u017enosti prozkoumat nov\u00e9 kultury, zvyky, tradice. To sice m\u016f\u017eete i b\u011bhem dovolen\u00e9, ale b\u011bhem jednoho \u010di dvou t\u00fddn\u016f nikdy neprozkoum\u00e1te kulturu dan\u00e9 zem\u011b tak do hloubky, pokud zde budete \u017e\u00edt del\u0161\u00ed dobu.                                                                                                                                                                                                                                                                                                                                                                                                  "},{"@context":"https:\/\/schema.org\/","@type":"BreadcrumbList","itemListElement":[{"@type":"ListItem","position":1,"name":"Pro\u010d se odst\u011bhovat do zahrani\u010d\u00ed?","item":"https:\/\/www.lbrock.cz\/proc-se-odstehovat-do-zahranici\/#breadcrumbitem"}]}]