[{"@context":"https:\/\/schema.org\/","@type":"Article","@id":"https:\/\/www.lbrock.cz\/trvaly-pobyt-je-dulezity\/#Article","mainEntityOfPage":"https:\/\/www.lbrock.cz\/trvaly-pobyt-je-dulezity\/","headline":"Trval\u00fd pobyt je d\u016fle\u017eit\u00fd","name":"Trval\u00fd pobyt je d\u016fle\u017eit\u00fd","description":"Kvalitu na\u0161ich \u017eivot\u016f ovliv\u0148uj\u00ed z\u00e1sadn\u00ed m\u011brou i nejr\u016fzn\u011bj\u0161\u00ed st\u00e1tn\u00ed instituce. V\u017edy\u0165 jsou to pr\u00e1v\u011b ony, kdo n\u00e1s podporuj\u00ed, kdy\u017e jsme pr\u00e1v\u011b ve \u0161patn\u00e9 finan\u010dn\u00ed situaci, kdy\u017e p\u0159ijdeme o pr\u00e1ci a podobn\u011b. A mohou n\u00e1s ovliv\u0148ovat vlastn\u011b i jin\u00e9, soukrom\u00e9 firmy a organizace, jich\u017e je pov\u00edcero. Ale kdy se m\u016f\u017eeme na jejich pomoc spolehnout? Vlastn\u011b jen [&hellip;]","datePublished":"2024-04-27","dateModified":"2024-05-27","author":{"@type":"Person","@id":"https:\/\/www.lbrock.cz\/author\/#Person","name":"","url":"https:\/\/www.lbrock.cz\/author\/","identifier":1,"image":{"@type":"ImageObject","@id":"https:\/\/secure.gravatar.com\/avatar\/e5312f21b37eec0871f00feffaf403580ddf46c2d055479cc6723fb0100721f2?s=96&d=mm&r=g","url":"https:\/\/secure.gravatar.com\/avatar\/e5312f21b37eec0871f00feffaf403580ddf46c2d055479cc6723fb0100721f2?s=96&d=mm&r=g","height":96,"width":96}},"publisher":{"@type":"Organization","name":"lbrock.cz","logo":{"@type":"ImageObject","@id":"\/logo.png","url":"\/logo.png","width":600,"height":60}},"image":{"@type":"ImageObject","@id":"https:\/\/www.lbrock.cz\/wp-content\/uploads\/a_10_10_10_10_10_3.jpg","url":"https:\/\/www.lbrock.cz\/wp-content\/uploads\/a_10_10_10_10_10_3.jpg","height":0,"width":0},"url":"https:\/\/www.lbrock.cz\/trvaly-pobyt-je-dulezity\/","about":["Business"],"wordCount":429,"articleBody":"   Kvalitu na\u0161ich \u017eivot\u016f ovliv\u0148uj\u00ed z\u00e1sadn\u00ed m\u011brou i nejr\u016fzn\u011bj\u0161\u00ed st\u00e1tn\u00ed instituce. V\u017edy\u0165 jsou to pr\u00e1v\u011b ony, kdo n\u00e1s podporuj\u00ed, kdy\u017e jsme pr\u00e1v\u011b ve \u0161patn\u00e9 finan\u010dn\u00ed situaci, kdy\u017e p\u0159ijdeme o pr\u00e1ci a podobn\u011b. A mohou n\u00e1s ovliv\u0148ovat vlastn\u011b i jin\u00e9, soukrom\u00e9 firmy a organizace, jich\u017e je pov\u00edcero. Ale kdy se m\u016f\u017eeme na jejich pomoc spolehnout? Vlastn\u011b jen v jedin\u00e9m p\u0159\u00edpad\u011b. Kdy\u017e tu m\u00e1me n\u011bkde trval\u00fd pobyt. Proto\u017ee teprve pak se v\u00ed, kde jsme k nalezen\u00ed, kam pat\u0159\u00edme a pod koho tedy spad\u00e1me. Jenom pak je mo\u017en\u00e9 po\u010d\u00edtat s pomoc\u00ed, kter\u00e1 se v t\u00e9to zemi nab\u00edz\u00ed, a jenom pak tak\u00e9 m\u016f\u017eeme pln\u011b vyu\u017e\u00edvat to, co si mohou na\u0161inci dovolit.A nen\u00ed tedy divu, \u017ee si v\u0161ichni v r\u00e1mci mo\u017enost\u00ed n\u011bkde takov\u00fd trval\u00fd pobyt sh\u00e1n\u00edme. My na\u0161inci stejn\u011b jako jin\u00ed ob\u010dan\u00e9 Evropsk\u00e9 unie maj\u00edc\u00ed tu pr\u00e1vo neomezen\u00e9ho pobytu. Nikdo nechce b\u00fdt bezdomovcem, kter\u00fd \u017eije mimo syst\u00e9m, proto\u017ee nespl\u0148uje z\u00e1sadn\u00ed podm\u00ednku pro to, aby se o n\u011bj n\u011bkdo zaj\u00edmal.Ale ne v\u017edy si m\u016f\u017eeme koupit vlastn\u00ed d\u016fm nebo byt, kde bychom se mohli k trval\u00e9mu pobytu p\u0159ihl\u00e1sit. A ne v\u017edy n\u00e1m d\u00e1 tu mo\u017enost pronaj\u00edmatel, v jeho\u017e nemovitosti pob\u00fdv\u00e1me. A pak se n\u00e1\u0161 \u017eivot m\u016f\u017ee v\u00fdznamn\u011b komplikovat.A kdy\u017e to nejde za\u0159\u00eddit zp\u016fsobem, kter\u00fd byl popsan\u00fd a kter\u00fd p\u0159ipad\u00e1 ka\u017ed\u00e9mu logick\u00fd? Kdy\u017e n\u011bkdo nem\u00e1 st\u0159echu nad hlavou, pod kterou by si mohl takov\u00fd trval\u00fd pobyt zaregistrovat? Pak je pro leckoho \u0161t\u011bst\u00edm, \u017ee mu nab\u00edz\u00ed takov\u00fd trval\u00fd pobyt Praha docela jednodu\u0161e. A kdokoliv po n\u011bm zatou\u017e\u00ed, m\u016f\u017ee ho m\u00edt.Kdy\u017e nem\u00e1 n\u011bkdo budovu s orienta\u010dn\u00edm, eviden\u010dn\u00edm nebo popisn\u00fdm \u010d\u00edslem ur\u010denou k bydlen\u00ed, ubytov\u00e1n\u00ed nebo alespo\u0148 individu\u00e1ln\u00ed rekreaci, prost\u011b si takov\u00fd trval\u00fd pobyt nezajist\u00ed s\u00e1m. Ale ani n\u011bkdo takov\u00fd nen\u00ed ztracen\u00fd. Kdy\u017e na to p\u0159ijde, m\u016f\u017ee si za\u0159\u00eddit i jenom takzvan\u00e9 virtu\u00e1ln\u00ed trval\u00e9 bydli\u0161t\u011b. Tedy m\u00e1 mo\u017enost p\u0159ihl\u00e1sit se k n\u011bmu na adrese n\u011bkoho jin\u00e9ho, kdo mu to umo\u017en\u00ed. A to znamen\u00e1 m\u00edt adresu tam, kde ji \u010dlov\u011bk chce a pot\u0159ebuje m\u00edt. I kdy\u017e tam ve skute\u010dnosti nebydl\u00ed.                                                                                                                                                                                                                                                                                                                                                                                                  "},{"@context":"https:\/\/schema.org\/","@type":"BreadcrumbList","itemListElement":[{"@type":"ListItem","position":1,"name":"Trval\u00fd pobyt je d\u016fle\u017eit\u00fd","item":"https:\/\/www.lbrock.cz\/trvaly-pobyt-je-dulezity\/#breadcrumbitem"}]}]